{"id":13575,"date":"2026-03-06T09:48:59","date_gmt":"2026-03-06T09:48:59","guid":{"rendered":"https:\/\/wmr-law.ca\/?p=13575"},"modified":"2026-03-12T15:02:46","modified_gmt":"2026-03-12T15:02:46","slug":"rien-a-dire-mais-tout-a-declarer","status":"publish","type":"post","link":"https:\/\/wmr-law.ca\/en\/rien-a-dire-mais-tout-a-declarer\/","title":{"rendered":"Rien \u00e0 dire mais tout \u00e0 d\u00e9clarer !"},"content":{"rendered":"<p>Cet article fait suite \u00e0 notre r\u00e9flexion publi\u00e9e sur LinkedIn au sujet de la d\u00e9claration<span data-teams=\"true\"> d&#8217;int\u00e9r\u00eat qu&#8217;impose de tout dire et de tout justifier quand on est invit\u00e9 \u00e0 pr\u00e9senter une d\u00e9claration de s\u00e9lection permanente.<\/span><\/p>\n<p><iframe title=\"Embedded post\" src=\"https:\/\/www.linkedin.com\/embed\/feed\/update\/urn:li:ugcPost:7422338251958423553\" width=\"504\" height=\"1135\" frameborder=\"0\" allowfullscreen=\"allowfullscreen\"><\/iframe><\/p>\n<p>Pour des conseils d\u00e9taill\u00e9s,\u00a0<a href=\"https:\/\/wmr-law.ca\/#contactez-nous\" target=\"_blank\" rel=\"noopener\">contactez-nous d\u00e8s aujourd\u2019hui.<\/a><\/p>\n","protected":false},"excerpt":{"rendered":"<p>Cet article fait suite \u00e0 notre r\u00e9flexion publi\u00e9e sur LinkedIn au sujet de la d\u00e9claration d&#8217;int\u00e9r\u00eat qu&#8217;impose de tout dire et de tout justifier quand on est invit\u00e9 \u00e0 pr\u00e9senter une d\u00e9claration de s\u00e9lection permanente. Pour des conseils d\u00e9taill\u00e9s,\u00a0contactez-nous d\u00e8s aujourd\u2019hui.<\/p>\n","protected":false},"author":5,"featured_media":13572,"comment_status":"open","ping_status":"open","sticky":false,"template":"","format":"standard","meta":{"footnotes":""},"categories":[51],"tags":[326,325,327,300,308,309,303],"class_list":["post-13575","post","type-post","status-publish","format-standard","has-post-thumbnail","hentry","category-immigreraucanadaenfrancais","tag-arrima","tag-declaration-dinteret","tag-demande-de-selection-permanente","tag-immigrer-au-quebec","tag-mifi","tag-programme-de-lexperience-quebecoise","tag-residence-permanente"],"aioseo_notices":[],"_links":{"self":[{"href":"https:\/\/wmr-law.ca\/en\/wp-json\/wp\/v2\/posts\/13575","targetHints":{"allow":["GET"]}}],"collection":[{"href":"https:\/\/wmr-law.ca\/en\/wp-json\/wp\/v2\/posts"}],"about":[{"href":"https:\/\/wmr-law.ca\/en\/wp-json\/wp\/v2\/types\/post"}],"author":[{"embeddable":true,"href":"https:\/\/wmr-law.ca\/en\/wp-json\/wp\/v2\/users\/5"}],"replies":[{"embeddable":true,"href":"https:\/\/wmr-law.ca\/en\/wp-json\/wp\/v2\/comments?post=13575"}],"version-history":[{"count":2,"href":"https:\/\/wmr-law.ca\/en\/wp-json\/wp\/v2\/posts\/13575\/revisions"}],"predecessor-version":[{"id":13600,"href":"https:\/\/wmr-law.ca\/en\/wp-json\/wp\/v2\/posts\/13575\/revisions\/13600"}],"wp:featuredmedia":[{"embeddable":true,"href":"https:\/\/wmr-law.ca\/en\/wp-json\/wp\/v2\/media\/13572"}],"wp:attachment":[{"href":"https:\/\/wmr-law.ca\/en\/wp-json\/wp\/v2\/media?parent=13575"}],"wp:term":[{"taxonomy":"category","embeddable":true,"href":"https:\/\/wmr-law.ca\/en\/wp-json\/wp\/v2\/categories?post=13575"},{"taxonomy":"post_tag","embeddable":true,"href":"https:\/\/wmr-law.ca\/en\/wp-json\/wp\/v2\/tags?post=13575"}],"curies":[{"name":"wp","href":"https:\/\/api.w.org\/{rel}","templated":true}]}}